 {"id":1197,"count":3,"description":"","link":"https:\/\/www.arzenspor.com\/tag\/bitlis-hali-saha\/","name":"B\u0130TL\u0130S hal\u0131 saha","slug":"bitlis-hali-saha","taxonomy":"post_tag","meta":[],"_links":{"self":[{"href":"https:\/\/www.arzenspor.com\/jsonlar\/wp\/v2\/tags\/1197","targetHints":{"allow":["GET"]}}],"collection":[{"href":"https:\/\/www.arzenspor.com\/jsonlar\/wp\/v2\/tags"}],"about":[{"href":"https:\/\/www.arzenspor.com\/jsonlar\/wp\/v2\/taxonomies\/post_tag"}],"wp:post_type":[{"href":"https:\/\/www.arzenspor.com\/jsonlar\/wp\/v2\/posts?tags=1197"},{"href":"https:\/\/www.arzenspor.com\/jsonlar\/wp\/v2\/portfolio?tags=1197"}],"curies":[{"name":"wp","href":"https:\/\/api.w.org\/{rel}","templated":true}]}}