 {"id":15906,"count":1,"description":"","link":"https:\/\/www.arzenspor.com\/tag\/cankiri-eldivan-hali-saha-branda\/","name":"\u00c7ank\u0131r\u0131 Eldivan hal\u0131 saha branda","slug":"cankiri-eldivan-hali-saha-branda","taxonomy":"post_tag","meta":[],"_links":{"self":[{"href":"https:\/\/www.arzenspor.com\/jsonlar\/wp\/v2\/tags\/15906","targetHints":{"allow":["GET"]}}],"collection":[{"href":"https:\/\/www.arzenspor.com\/jsonlar\/wp\/v2\/tags"}],"about":[{"href":"https:\/\/www.arzenspor.com\/jsonlar\/wp\/v2\/taxonomies\/post_tag"}],"wp:post_type":[{"href":"https:\/\/www.arzenspor.com\/jsonlar\/wp\/v2\/posts?tags=15906"},{"href":"https:\/\/www.arzenspor.com\/jsonlar\/wp\/v2\/portfolio?tags=15906"}],"curies":[{"name":"wp","href":"https:\/\/api.w.org\/{rel}","templated":true}]}}