 {"id":25309,"count":1,"description":"","link":"https:\/\/www.arzenspor.com\/tag\/karapurcek-hali-saha-mliyeti\/","name":"Karap\u00fcr\u00e7ek Hal\u0131 saha mliyeti","slug":"karapurcek-hali-saha-mliyeti","taxonomy":"post_tag","meta":[],"_links":{"self":[{"href":"https:\/\/www.arzenspor.com\/jsonlar\/wp\/v2\/tags\/25309","targetHints":{"allow":["GET"]}}],"collection":[{"href":"https:\/\/www.arzenspor.com\/jsonlar\/wp\/v2\/tags"}],"about":[{"href":"https:\/\/www.arzenspor.com\/jsonlar\/wp\/v2\/taxonomies\/post_tag"}],"wp:post_type":[{"href":"https:\/\/www.arzenspor.com\/jsonlar\/wp\/v2\/posts?tags=25309"},{"href":"https:\/\/www.arzenspor.com\/jsonlar\/wp\/v2\/portfolio?tags=25309"}],"curies":[{"name":"wp","href":"https:\/\/api.w.org\/{rel}","templated":true}]}}