 {"id":25912,"count":1,"description":"","link":"https:\/\/www.arzenspor.com\/tag\/imranli-hali-saha-branda-tamiri-onarimi\/","name":"\u0130mranl\u0131 hal\u0131 saha branda tamiri onar\u0131m\u0131","slug":"imranli-hali-saha-branda-tamiri-onarimi","taxonomy":"post_tag","meta":[],"_links":{"self":[{"href":"https:\/\/www.arzenspor.com\/jsonlar\/wp\/v2\/tags\/25912","targetHints":{"allow":["GET"]}}],"collection":[{"href":"https:\/\/www.arzenspor.com\/jsonlar\/wp\/v2\/tags"}],"about":[{"href":"https:\/\/www.arzenspor.com\/jsonlar\/wp\/v2\/taxonomies\/post_tag"}],"wp:post_type":[{"href":"https:\/\/www.arzenspor.com\/jsonlar\/wp\/v2\/posts?tags=25912"},{"href":"https:\/\/www.arzenspor.com\/jsonlar\/wp\/v2\/portfolio?tags=25912"}],"curies":[{"name":"wp","href":"https:\/\/api.w.org\/{rel}","templated":true}]}}