 {"id":27496,"count":1,"description":"","link":"https:\/\/www.arzenspor.com\/tag\/gercus-hali-saha-branda-tamiri-onarimi\/","name":"Gerc\u00fc\u015f hal\u0131 saha branda tamiri onar\u0131m\u0131","slug":"gercus-hali-saha-branda-tamiri-onarimi","taxonomy":"post_tag","meta":[],"_links":{"self":[{"href":"https:\/\/www.arzenspor.com\/jsonlar\/wp\/v2\/tags\/27496","targetHints":{"allow":["GET"]}}],"collection":[{"href":"https:\/\/www.arzenspor.com\/jsonlar\/wp\/v2\/tags"}],"about":[{"href":"https:\/\/www.arzenspor.com\/jsonlar\/wp\/v2\/taxonomies\/post_tag"}],"wp:post_type":[{"href":"https:\/\/www.arzenspor.com\/jsonlar\/wp\/v2\/posts?tags=27496"},{"href":"https:\/\/www.arzenspor.com\/jsonlar\/wp\/v2\/portfolio?tags=27496"}],"curies":[{"name":"wp","href":"https:\/\/api.w.org\/{rel}","templated":true}]}}